{"id":3625,"date":"2026-08-20T00:00:00","date_gmt":"2026-08-20T00:00:00","guid":{"rendered":"https:\/\/octanehub.co\/news\/lo-que-el-mundo-no-sabe-sobre-la-cultura-puertorriquena\/"},"modified":"2026-08-20T00:00:00","modified_gmt":"2026-08-20T00:00:00","slug":"lo-que-el-mundo-no-sabe-sobre-la-cultura-puertorriquena","status":"publish","type":"post","link":"https:\/\/octanehub.co\/news\/lo-que-el-mundo-no-sabe-sobre-la-cultura-puertorriquena\/","title":{"rendered":"Lo que el mundo no sabe sobre la cultura puertorrique\u00f1a"},"content":{"rendered":"<p>Preg\u00fantele a cualquier persona fuera de la Isla qu\u00e9 sabe de la cultura de Puerto Rico y la respuesta ser\u00e1 previsible: reggaet\u00f3n, quiz\u00e1s salsa, tal vez el Viejo San Juan en una foto. No es una respuesta incorrecta. Es una respuesta incompleta de una manera que importa.<\/p>\n<p>Porque mientras el mundo escucha a los artistas boricuas que llenan estadios, en Comer\u00edo hay un cuatrista que lleva medio siglo sosteniendo una tradici\u00f3n. En Jayuya, un lutier construye instrumentos a mano. En Dorado, quince ceramistas montan una exposici\u00f3n colectiva. En Ponce, una estudiante presenta investigaci\u00f3n cient\u00edfica en un congreso internacional. En Vieques, un festival de cine y derechos humanos llega a su s\u00e9ptima edici\u00f3n.<\/p>\n<p>Nada de eso aparece en la conversaci\u00f3n global sobre Puerto Rico. Y sin embargo, eso <em>es<\/em> Puerto Rico.<\/p>\n<h2>La cultura no vive solo en San Juan<\/h2>\n<p>Uno de los <a href=\"https:\/\/eladoquintimes.com\/\"><a href=\"https:\/\/eladoquintimes.com\/\">datos culturales de Puerto Rico<\/a><\/a> que m\u00e1s sorprende a quien se asoma con seriedad es hasta qu\u00e9 punto la vida cultural de la Isla est\u00e1 distribuida geogr\u00e1ficamente. No es un fen\u00f3meno metropolitano con sat\u00e9lites: es una red.<\/p>\n<p>Caguas celebra el D\u00eda Nacional del Cuatro Puertorrique\u00f1o en la Plaza Santiago R. Palmer. Ponce sostiene una tradici\u00f3n de investigaci\u00f3n folkl\u00f3rica que se remonta a instituciones fundadas hace d\u00e9cadas. Humacao re\u00fane a miles de personas alrededor del anime y los videojuegos. Vieques mantiene un festival de cine que conversa con su propia historia de resistencia. R\u00edo Piedras acoge debates universitarios sobre vigilancia digital y privacidad.<\/p>\n<p>Esta dispersi\u00f3n tiene una consecuencia pr\u00e1ctica: ning\u00fan medio que cubra \u00fanicamente el \u00e1rea metropolitana puede dar cuenta de la cultura puertorrique\u00f1a. Hace falta mirar al norte, al sur, al este, al oeste y al centro de la Isla \u2014y hacerlo de manera sostenida, no cuando ocurre algo espectacular.<\/p>\n<h2>El cuatro: un instrumento como documento de identidad<\/h2>\n<p>Si hubiera que escoger un solo objeto para explicar la cultura puertorrique\u00f1a, ser\u00eda probablemente el cuatro. Diez cuerdas en cinco \u00f3rdenes dobles, un cuerpo tallado que en manos de un buen lutier tarda semanas, y un repertorio \u2014la m\u00fasica j\u00edbara, el seis, el aguinaldo, la trova\u2014 que sobrevivi\u00f3 a la industrializaci\u00f3n, a la migraci\u00f3n masiva y a la homogeneizaci\u00f3n cultural del siglo XX.<\/p>\n<p>Lo notable no es que sobreviviera. Es <em>c\u00f3mo<\/em> sobrevivi\u00f3: gracias a personas concretas que ense\u00f1aron, construyeron, grabaron y organizaron. Cuando se homenajea a un cuatrista de Comer\u00edo y a un lutier de Jayuya en el mismo acto, se est\u00e1 reconociendo precisamente esa cadena de transmisi\u00f3n.<\/p>\n<p>La trova sigue viva por la misma raz\u00f3n. Conciertos como los que re\u00fanen a trovadores en Bellas Artes junto a poetas e invitados demuestran que no se trata de una pieza de museo, sino de una pr\u00e1ctica que contin\u00faa produciendo obra nueva.<\/p>\n<h2>Los artistas: mucho m\u00e1s que la m\u00fasica<\/h2>\n<p>Hay una tendencia comprensible a reducir la producci\u00f3n cultural boricua a lo sonoro. Es un error de perspectiva.<\/p>\n<p>Los <a href=\"https:\/\/eladoquintimes.com\/\"><a href=\"https:\/\/eladoquintimes.com\/\">Artistas de Puerto Rico<\/a><\/a> trabajan hoy en todos los registros imaginables. En las artes visuales, exposiciones colectivas de cer\u00e1mica re\u00fanen a m\u00e1s de una decena de creadores explorando desde lo abstracto hasta lo figurativo. En los museos, propuestas curatoriales toman objetos cotidianos \u2014un peine afro, por ejemplo\u2014 y los convierten en punto de partida para conversaciones sobre identidad, herencia africana y resistencia.<\/p>\n<p>En el cine, documentalistas puertorrique\u00f1os ganan premios en festivales internacionales con obras sobre la historia reciente de la Isla, mientras actrices boricuas estrenan simult\u00e1neamente en salas locales y en festivales europeos. En la arquitectura, profesionales reconocidos con premios como el Henry Klumb sostienen una reflexi\u00f3n sobre dise\u00f1o, clima y cultura que dialoga directamente con la tradici\u00f3n del modernismo tropical caribe\u00f1o.<\/p>\n<p>Y en la literatura, siguen apareciendo primeros libros presentados en librer\u00edas del pa\u00eds, con el ritual \u00edntimo que eso conlleva: la autora, el p\u00fablico, las preguntas.<\/p>\n<h2>Las personas que sostienen la memoria<\/h2>\n<p>Aqu\u00ed conviene detenerse, porque es donde m\u00e1s se pierde informaci\u00f3n con el paso del tiempo.<\/p>\n<p>Las <a href=\"https:\/\/eladoquintimes.com\/\"><a href=\"https:\/\/eladoquintimes.com\/\">personas importantes de Puerto Rico<\/a><\/a> no son \u00fanicamente las que alcanzan reconocimiento internacional. Son tambi\u00e9n \u2014y quiz\u00e1s sobre todo\u2014 quienes sostienen instituciones, tradiciones y p\u00fablicos durante d\u00e9cadas sin que nadie escriba sobre ello.<\/p>\n<p>Pensemos en Catalino &quot;Tite&quot; Curet Alonso, cuyo centenario se conmemora este a\u00f1o. Escribi\u00f3 cientos de canciones que otros hicieron famosas, defini\u00f3 buena parte del cancionero de la salsa, y hoy su legado se mantiene vivo gracias a comit\u00e9s, actos conmemorativos y personas que se ocupan de que la fecha no pase inadvertida.<\/p>\n<p>Pensemos en un locutor que cumple ochenta a\u00f1os de vida y cuarenta y ocho acompa\u00f1ando audiencias desde la radio. Esa cifra \u2014cuarenta y ocho a\u00f1os\u2014 representa generaciones enteras de oyentes. Es historia cultural en tiempo real, y solo queda registrada si alguien decide registrarla.<\/p>\n<p>Pensemos en los investigadores folkl\u00f3ricos, los historiadores, los educadores, los gestores culturales que llevan d\u00e9cadas construyendo archivo. Cuando el Museo de Arte de Puerto Rico convoca jornadas de edici\u00f3n de Wikipedia, est\u00e1 reconociendo exactamente este problema: buena parte del patrimonio cultural boricua est\u00e1 subrepresentado en las fuentes que el mundo consulta.<\/p>\n<h2>El problema de la documentaci\u00f3n<\/h2>\n<p>Y llegamos al asunto de fondo.<\/p>\n<p>La cultura no se preserva sola. Existe en el registro p\u00fablico solo en la medida en que alguien la documenta, la fecha, la contextualiza y la publica. Un concierto sin cobertura ocurri\u00f3 \u00fanicamente para quienes estuvieron presentes. Una exposici\u00f3n sin rese\u00f1a desaparece cuando se desmonta. Una trayectoria de cuarenta a\u00f1os sin entrevista se pierde cuando se pierde la memoria de quien la vivi\u00f3.<\/p>\n<p>Los grandes <a href=\"https:\/\/eladoquintimes.com\/\">peri\u00f3dicos de Puerto Rico<\/a> cubren pol\u00edtica, econom\u00eda, sucesos y deportes, y lo hacen con recursos considerables. Pero la cobertura cultural sostenida \u2014la que va al taller del lutier, a la sala de exposiciones en Dorado, al festival en Vieques, al homenaje en Caguas\u2014 requiere un tipo distinto de compromiso editorial: publicar todos los d\u00edas, cubrir toda la Isla, y considerar que un ceramista o un cuatrista merecen espacio aunque no generen tr\u00e1fico masivo.<\/p>\n<p>Ese es el trabajo del periodismo cultural independiente. Una redacci\u00f3n compuesta por escritores y editores que publican los siete d\u00edas de la semana, con firmas que acumulan decenas o cientos de art\u00edculos \u2014historiadores, poetas, investigadores folkl\u00f3ricos, periodistas culturales\u2014 construye, art\u00edculo a art\u00edculo, un archivo que dentro de veinte a\u00f1os ser\u00e1 fuente primaria.<\/p>\n<h2>Por qu\u00e9 esto importa ahora<\/h2>\n<p>Puerto Rico atraviesa un momento en el que su producci\u00f3n cultural tiene visibilidad global sin precedentes. Eso es enteramente positivo. Pero la visibilidad global es selectiva por naturaleza: amplifica lo que traduce bien y deja fuera lo que requiere contexto.<\/p>\n<p>La responsabilidad de documentar el resto \u2014el cuatro, la bomba, la plena, la cer\u00e1mica, el teatro, la arquitectura, la literatura, las comunidades, las personas que sostienen todo esto\u2014 recae necesariamente en medios locales que entienden por qu\u00e9 importa.<\/p>\n<p>Es un trabajo poco espectacular. Se parece m\u00e1s al de un archivero que al de un corresponsal. Pero es la raz\u00f3n por la que dentro de una generaci\u00f3n alguien podr\u00e1 reconstruir c\u00f3mo era la vida cultural de la Isla en 2026: qu\u00e9 se exhib\u00eda, qui\u00e9n tocaba, d\u00f3nde, y qu\u00e9 significaba.<\/p>\n<h2>Para quien quiera mirar de cerca<\/h2>\n<p>La invitaci\u00f3n es sencilla: la pr\u00f3xima vez que quiera saber qu\u00e9 est\u00e1 ocurriendo culturalmente en Puerto Rico, no busque la noticia que lleg\u00f3 a los titulares internacionales. Busque la agenda de la semana. El concierto en el pueblo. La exposici\u00f3n que abre el jueves. El homenaje al que asistir\u00e1n cuarenta personas.<\/p>\n<p>Ah\u00ed est\u00e1 la cultura. Ah\u00ed ha estado siempre.<\/p>\n","protected":false},"excerpt":{"rendered":"<p>Preg\u00fantele a cualquier persona fuera de la Isla qu\u00e9 sabe de la cultura de Puerto Rico y la respuesta ser\u00e1 [&hellip;]<\/p>\n","protected":false},"author":5,"featured_media":0,"comment_status":"open","ping_status":"open","sticky":false,"template":"","format":"standard","meta":{"_surecart_dashboard_logo_width":"180px","_surecart_dashboard_show_logo":true,"_surecart_dashboard_navigation_orders":true,"_surecart_dashboard_navigation_invoices":true,"_surecart_dashboard_navigation_subscriptions":true,"_surecart_dashboard_navigation_downloads":true,"_surecart_dashboard_navigation_billing":true,"_surecart_dashboard_navigation_account":true,"_uag_custom_page_level_css":"","site-sidebar-layout":"default","site-content-layout":"","ast-site-content-layout":"default","site-content-style":"default","site-sidebar-style":"default","ast-global-header-display":"","ast-banner-title-visibility":"","ast-main-header-display":"","ast-hfb-above-header-display":"","ast-hfb-below-header-display":"","ast-hfb-mobile-header-display":"","site-post-title":"","ast-breadcrumbs-content":"","ast-featured-img":"","footer-sml-layout":"","ast-disable-related-posts":"","theme-transparent-header-meta":"","adv-header-id-meta":"","stick-header-meta":"","header-above-stick-meta":"","header-main-stick-meta":"","header-below-stick-meta":"","astra-migrate-meta-layouts":"default","ast-page-background-enabled":"default","ast-page-background-meta":{"desktop":{"background-color":"var(--ast-global-color-4)","background-image":"","background-repeat":"repeat","background-position":"center center","background-size":"auto","background-attachment":"scroll","background-type":"","background-media":"","overlay-type":"","overlay-color":"","overlay-opacity":"","overlay-gradient":""},"tablet":{"background-color":"","background-image":"","background-repeat":"repeat","background-position":"center center","background-size":"auto","background-attachment":"scroll","background-type":"","background-media":"","overlay-type":"","overlay-color":"","overlay-opacity":"","overlay-gradient":""},"mobile":{"background-color":"","background-image":"","background-repeat":"repeat","background-position":"center center","background-size":"auto","background-attachment":"scroll","background-type":"","background-media":"","overlay-type":"","overlay-color":"","overlay-opacity":"","overlay-gradient":""}},"ast-content-background-meta":{"desktop":{"background-color":"var(--ast-global-color-5)","background-image":"","background-repeat":"repeat","background-position":"center center","background-size":"auto","background-attachment":"scroll","background-type":"","background-media":"","overlay-type":"","overlay-color":"","overlay-opacity":"","overlay-gradient":""},"tablet":{"background-color":"var(--ast-global-color-5)","background-image":"","background-repeat":"repeat","background-position":"center center","background-size":"auto","background-attachment":"scroll","background-type":"","background-media":"","overlay-type":"","overlay-color":"","overlay-opacity":"","overlay-gradient":""},"mobile":{"background-color":"var(--ast-global-color-5)","background-image":"","background-repeat":"repeat","background-position":"center center","background-size":"auto","background-attachment":"scroll","background-type":"","background-media":"","overlay-type":"","overlay-color":"","overlay-opacity":"","overlay-gradient":""}},"footnotes":""},"categories":[1],"tags":[],"class_list":["post-3625","post","type-post","status-publish","format-standard","hentry","category-uncategorized"],"uagb_featured_image_src":{"full":false,"thumbnail":false,"medium":false,"medium_large":false,"large":false,"1536x1536":false,"2048x2048":false},"uagb_author_info":{"display_name":"Jamie Cox","author_link":"https:\/\/octanehub.co\/news\/author\/admin\/"},"uagb_comment_info":0,"uagb_excerpt":"Preg\u00fantele a cualquier persona fuera de la Isla qu\u00e9 sabe de la cultura de Puerto Rico y la respuesta ser\u00e1 [&hellip;]","_links":{"self":[{"href":"https:\/\/octanehub.co\/news\/wp-json\/wp\/v2\/posts\/3625","targetHints":{"allow":["GET"]}}],"collection":[{"href":"https:\/\/octanehub.co\/news\/wp-json\/wp\/v2\/posts"}],"about":[{"href":"https:\/\/octanehub.co\/news\/wp-json\/wp\/v2\/types\/post"}],"author":[{"embeddable":true,"href":"https:\/\/octanehub.co\/news\/wp-json\/wp\/v2\/users\/5"}],"replies":[{"embeddable":true,"href":"https:\/\/octanehub.co\/news\/wp-json\/wp\/v2\/comments?post=3625"}],"version-history":[{"count":0,"href":"https:\/\/octanehub.co\/news\/wp-json\/wp\/v2\/posts\/3625\/revisions"}],"wp:attachment":[{"href":"https:\/\/octanehub.co\/news\/wp-json\/wp\/v2\/media?parent=3625"}],"wp:term":[{"taxonomy":"category","embeddable":true,"href":"https:\/\/octanehub.co\/news\/wp-json\/wp\/v2\/categories?post=3625"},{"taxonomy":"post_tag","embeddable":true,"href":"https:\/\/octanehub.co\/news\/wp-json\/wp\/v2\/tags?post=3625"}],"curies":[{"name":"wp","href":"https:\/\/api.w.org\/{rel}","templated":true}]}}